{"id":4431,"date":"2017-04-07T09:10:24","date_gmt":"2017-04-07T07:10:24","guid":{"rendered":"https:\/\/www.racc.es\/microsites\/sense-categoria\/espanol-ajustar-sillin\/"},"modified":"2020-04-17T15:32:25","modified_gmt":"2020-04-17T13:32:25","slug":"ajusta-seient","status":"publish","type":"post","link":"https:\/\/www.racc.cat\/microsites\/puntbici\/ajusta-seient\/","title":{"rendered":"Ajustar el seient &#8211; PuntBici | RACC"},"content":{"rendered":"<p><div class=\"fusion-fullwidth fullwidth-box fusion-builder-row-1 nonhundred-percent-fullwidth non-hundred-percent-height-scrolling\" style=\"--awb-border-radius-top-left:0px;--awb-border-radius-top-right:0px;--awb-border-radius-bottom-right:0px;--awb-border-radius-bottom-left:0px;\" ><div class=\"fusion-builder-row fusion-row\"><div class=\"fusion-layout-column fusion_builder_column fusion-builder-column-0 fusion_builder_column_1_1 1_1 fusion-one-full fusion-column-first fusion-column-last\" style=\"--awb-bg-size:cover;\"><div class=\"fusion-column-wrapper fusion-column-has-shadow fusion-flex-column-wrapper-legacy\"><div class=\"fusion-image-element fusion-image-align-center in-legacy-container\" style=\"text-align:center;\"><div class=\"imageframe-align-center\"><span class=\" fusion-imageframe imageframe-none imageframe-1 hover-type-none\"><img decoding=\"async\" width=\"465\" height=\"121\" title=\"logo puntbici\" src=\"http:\/\/www.racc.cat\/microsites\/wp-content\/uploads\/2017\/04\/logo-puntbici_racc-121h.jpg\" alt class=\"img-responsive wp-image-4522\" srcset=\"https:\/\/www.racc.cat\/wp-content\/microsites\/wp-content\/uploads\/2017\/04\/logo-puntbici_racc-121h-300x78.jpg 300w, https:\/\/www.racc.cat\/wp-content\/microsites\/wp-content\/uploads\/2017\/04\/logo-puntbici_racc-121h.jpg 465w\" sizes=\"(max-width: 465px) 100vw, 465px\" \/><\/span><\/div><\/div><div class=\"fusion-text fusion-text-1\"><h1 style=\"text-align: center;\">Ajustar el seient<\/h1>\n<\/div><div class=\"fusion-clearfix\"><\/div><\/div><\/div><\/div><\/div><div class=\"fusion-fullwidth fullwidth-box fusion-builder-row-2 nonhundred-percent-fullwidth non-hundred-percent-height-scrolling\" style=\"--awb-border-radius-top-left:0px;--awb-border-radius-top-right:0px;--awb-border-radius-bottom-right:0px;--awb-border-radius-bottom-left:0px;\" ><div class=\"fusion-builder-row fusion-row\"><div class=\"fusion-layout-column fusion_builder_column fusion-builder-column-1 fusion_builder_column_1_1 1_1 fusion-one-full fusion-column-first fusion-column-last\" style=\"--awb-bg-size:cover;\"><div class=\"fusion-column-wrapper fusion-column-has-shadow fusion-flex-column-wrapper-legacy\"><div class=\"fusion-text fusion-text-2\"><p style=\"text-align: center;\">Primer, cal col\u00b7locar el seient a una altura te\u00f2rica seguint aquesta regla:<br \/>\nLongitud de l\u2019entrecuix x 0,885 = dist\u00e0ncia entre l\u2019eix i el seient en cent\u00edmetres.<\/p>\n<p style=\"text-align: center;\">Per comprovar que el seient est\u00e0 col\u00b7locat a una altura correcta, \u00e9s aconsellable tenir l\u2019ajuda d\u2019una altra persona. Mentre l\u2019altra persona subjecta la bicicleta, hi pujarem i, recolzant el tal\u00f3 sobre el pedal, estirarem la cama totalment en la direcci\u00f3 del tub del seient. Tenim l\u2019altura correcta quan estirem la cama completament, per\u00f2 sense haver de moure el maluc cap a un costat.<\/p>\n<p style=\"text-align: center;\"><strong>IMPORTANT<\/strong>: Quan estirem la cama \u00e9s el tal\u00f3 que es recolza sobre el pedal.<\/p>\n<p style=\"text-align: center;\">Per regular-ho correctament \u00e9s aconsellable tenir l\u2019ajuda d\u2019una altra persona. Mentre l\u2019altra persona subjecta la bicicleta, hi pujarem i, mantenint les bieles en posici\u00f3 horitzontal, verificarem que la punta del genoll est\u00e0 en la l\u00ednia vertical de l\u2019eix del pedal. Per realitzar aquesta operaci\u00f3, podem lligar un pes a un fil i col\u00b7locar el fil a la punta del genoll deixant caure el pes per veure si est\u00e0 en l\u00ednia amb l\u2019eix del pedal.<\/p>\n<p style=\"text-align: center;\">Aquesta regulaci\u00f3 \u00e9s la m\u00e9s delicada i personal. La posici\u00f3 aconsellada \u00e9s l\u2019horitzontal, per\u00f2 l\u2019ideal \u00e9s que la punta estigui una mica cap avall, per\u00f2 sense fer-te relliscar.<\/p>\n<\/div><div class=\"fusion-clearfix\"><\/div><\/div><\/div><\/div><\/div><\/p>\n","protected":false},"excerpt":{"rendered":"","protected":false},"author":14,"featured_media":0,"comment_status":"open","ping_status":"open","sticky":false,"template":"","format":"standard","meta":{"footnotes":""},"categories":[87],"tags":[88],"class_list":["post-4431","post","type-post","status-publish","format-standard","hentry","category-puntbici-ca","tag-puntbici-ca"],"_links":{"self":[{"href":"https:\/\/www.racc.cat\/microsites\/wp-json\/wp\/v2\/posts\/4431","targetHints":{"allow":["GET"]}}],"collection":[{"href":"https:\/\/www.racc.cat\/microsites\/wp-json\/wp\/v2\/posts"}],"about":[{"href":"https:\/\/www.racc.cat\/microsites\/wp-json\/wp\/v2\/types\/post"}],"author":[{"embeddable":true,"href":"https:\/\/www.racc.cat\/microsites\/wp-json\/wp\/v2\/users\/14"}],"replies":[{"embeddable":true,"href":"https:\/\/www.racc.cat\/microsites\/wp-json\/wp\/v2\/comments?post=4431"}],"version-history":[{"count":0,"href":"https:\/\/www.racc.cat\/microsites\/wp-json\/wp\/v2\/posts\/4431\/revisions"}],"wp:attachment":[{"href":"https:\/\/www.racc.cat\/microsites\/wp-json\/wp\/v2\/media?parent=4431"}],"wp:term":[{"taxonomy":"category","embeddable":true,"href":"https:\/\/www.racc.cat\/microsites\/wp-json\/wp\/v2\/categories?post=4431"},{"taxonomy":"post_tag","embeddable":true,"href":"https:\/\/www.racc.cat\/microsites\/wp-json\/wp\/v2\/tags?post=4431"}],"curies":[{"name":"wp","href":"https:\/\/api.w.org\/{rel}","templated":true}]}}