{"id":4445,"date":"2017-04-11T14:32:54","date_gmt":"2017-04-11T12:32:54","guid":{"rendered":"https:\/\/www.racc.es\/microsites\/sense-categoria\/espanol-cambio-trasero-puntbici-racc\/"},"modified":"2020-04-17T15:33:08","modified_gmt":"2020-04-17T13:33:08","slug":"canvi-posterior","status":"publish","type":"post","link":"https:\/\/www.racc.cat\/microsites\/puntbici\/canvi-posterior\/","title":{"rendered":"Canvi posterior &#8211; PuntBici | RACC"},"content":{"rendered":"<p><div class=\"fusion-fullwidth fullwidth-box fusion-builder-row-1 nonhundred-percent-fullwidth non-hundred-percent-height-scrolling\" style=\"--awb-border-radius-top-left:0px;--awb-border-radius-top-right:0px;--awb-border-radius-bottom-right:0px;--awb-border-radius-bottom-left:0px;\" ><div class=\"fusion-builder-row fusion-row\"><div class=\"fusion-layout-column fusion_builder_column fusion-builder-column-0 fusion_builder_column_1_1 1_1 fusion-one-full fusion-column-first fusion-column-last\" style=\"--awb-bg-size:cover;\"><div class=\"fusion-column-wrapper fusion-column-has-shadow fusion-flex-column-wrapper-legacy\"><div class=\"fusion-image-element fusion-image-align-center in-legacy-container\" style=\"text-align:center;\"><div class=\"imageframe-align-center\"><span class=\" fusion-imageframe imageframe-none imageframe-1 hover-type-none\"><img decoding=\"async\" width=\"465\" height=\"121\" title=\"logo puntbici\" src=\"http:\/\/www.racc.cat\/microsites\/wp-content\/uploads\/2017\/04\/logo-puntbici_racc-121h.jpg\" alt class=\"img-responsive wp-image-4522\" srcset=\"https:\/\/www.racc.cat\/wp-content\/microsites\/wp-content\/uploads\/2017\/04\/logo-puntbici_racc-121h-300x78.jpg 300w, https:\/\/www.racc.cat\/wp-content\/microsites\/wp-content\/uploads\/2017\/04\/logo-puntbici_racc-121h.jpg 465w\" sizes=\"(max-width: 465px) 100vw, 465px\" \/><\/span><\/div><\/div><div class=\"fusion-text fusion-text-1\"><h1 style=\"text-align: center;\">Canvi posterior<\/h1>\n<\/div><div class=\"fusion-clearfix\"><\/div><\/div><\/div><\/div><\/div><div class=\"fusion-fullwidth fullwidth-box fusion-builder-row-2 nonhundred-percent-fullwidth non-hundred-percent-height-scrolling\" style=\"--awb-border-radius-top-left:0px;--awb-border-radius-top-right:0px;--awb-border-radius-bottom-right:0px;--awb-border-radius-bottom-left:0px;\" ><div class=\"fusion-builder-row fusion-row\"><div class=\"fusion-layout-column fusion_builder_column fusion-builder-column-1 fusion_builder_column_1_1 1_1 fusion-one-full fusion-column-first fusion-column-last\" style=\"--awb-bg-size:cover;\"><div class=\"fusion-column-wrapper fusion-column-has-shadow fusion-flex-column-wrapper-legacy\"><div class=\"fusion-text fusion-text-2\"><p style=\"text-align: center;\">L\u2019ajustament es divideix en dues parts principals:<br \/>\nAjustar els l\u00edmits exterior i interior del canvi, perqu\u00e8 no se surti la cadena per fora o per dins dels pinyons. Si aix\u00f2 no ens passa i la cadena arriba b\u00e9 fins al primer i fins a l\u2019\u00faltim piny\u00f3, podrem passar directament a la part de sincronitzaci\u00f3.<br \/>\nSincronitzaci\u00f3 o com podem aconseguir que el canvi gui\u00ef la cadena fins al punt exacte on es troba el piny\u00f3 al qual volem canviar. \u00c9s a dir, que la cadena pugi i baixi adequadament sense que salti sola d\u2019un piny\u00f3 a un altre.<\/p>\n<p style=\"text-align: center;\">Si els cables i les fundes estan en bon estat, el primer pas \u00e9s alliberar el cable del cargol presoner del canvi. Per seguir amb el pas seg\u00fcent, \u00e9s aconsellable col\u00b7locar la cadena al plat gran perqu\u00e8 estigui tan alineada com sigui possible.<br \/>\nNOTA: Abans de deixar anar el cable, cal comprovar la posici\u00f3 en qu\u00e8 est\u00e0 fixat el cable per tornar-lo a fixar de la mateixa manera.<\/p>\n<p style=\"text-align: center;\">Els canvis acostumen a tenir dos cargols, que tenen indicades les lletres L o H. Per ajustar el l\u00edmit exterior actuarem sobre el cargol H (High gear). L\u2019objectiu \u00e9s que mirant la part posterior de la bicicleta, les dues rodes del canvi quedin en l\u00ednia amb el piny\u00f3 petit. Per moure el canvi cap a l\u2019exterior, haurem de girar en sentit antihorari el cargol H. Per moure\u2019l cap a l\u2019interior, girem el cargol H en sentit horari.<\/p>\n<p style=\"text-align: center;\">IMPORTANT: Abans de fixar el cable, cal verificar que els comandaments de canvi del manillar estan en la posici\u00f3 del piny\u00f3 m\u00e9s baix.<br \/>\nDespr\u00e9s d\u2019haver fet aquesta comprovaci\u00f3, estirem el cable amb una m\u00e0 i amb l\u2019altra collem el cargol presoner que fixa el cable. Per seguir amb el pas seg\u00fcent, \u00e9s aconsellable col\u00b7locar la cadena al plat petit perqu\u00e8 estigui tan alineada com sigui possible.<\/p>\n<p style=\"text-align: center;\">Pugem la cadena al piny\u00f3 m\u00e9s gran utilitzant els comandaments de canvi del manillar.<br \/>\nPer ajustar el l\u00edmit exterior, actuarem sobre el cargol L (Low gear). L\u2019objectiu \u00e9s que mirant la part posterior de la bicicleta, les dues rodes del canvi quedin en l\u00ednia amb el piny\u00f3 gran.<br \/>\nPer moure el canvi cap a l\u2019exterior, haurem de girar en sentit antihorari el cargol L. Per moure\u2019l cap a l\u2019interior, girem el cargol L en sentit horari. \u00c9s molt important realitzar aquest ajustament amb la m\u00e0xima precisi\u00f3 per evitar que el canvi no es desplaci excessivament cap a l\u2019interior, ja que fregaria els radis i es podrien trencar els dos elements.<br \/>\nNOTA: En algunes MTB d\u2019alta gamma el canvi funciona al contrari. En aquest cas, cal realitzar primer l\u2019ajustament del l\u00edmit interior i despr\u00e9s l\u2019exterior.<\/p>\n<p style=\"text-align: center;\">L\u2019element sobre el qual actuarem en aquest \u00faltim pas \u00e9s la rosca tensora que es troba a la sortida de la funda del cable del canvi. A la sortida de la funda del comandament de canvi del manillar trobarem una altra rosca tensora que t\u00e9 la mateixa funci\u00f3.<br \/>\nSi la cadena no puja de piny\u00f3 adequadament, girarem lleugerament aquesta rosca tensora en sentit antihorari per donar m\u00e9s tensi\u00f3 al cable.<br \/>\nSi la cadena no baixa de piny\u00f3 adequadament, girarem lleugerament aquesta rosca tensora en sentit horari per treure tensi\u00f3 al cable.<br \/>\nEs tracta de girar a poc a poc aquesta rosca fins que trobem l\u2019equilibri. NOTA: Per poder sincronitzar adequadament la bicicleta, \u00e9s aconsellable que abans de realitzar el pas 3 descargolem una mica (2 o 3 voltes) la rosca tensora.<\/p>\n<\/div><div class=\"fusion-clearfix\"><\/div><\/div><\/div><\/div><\/div><\/p>\n","protected":false},"excerpt":{"rendered":"","protected":false},"author":14,"featured_media":0,"comment_status":"open","ping_status":"open","sticky":false,"template":"","format":"standard","meta":{"footnotes":""},"categories":[87],"tags":[88],"class_list":["post-4445","post","type-post","status-publish","format-standard","hentry","category-puntbici-ca","tag-puntbici-ca"],"_links":{"self":[{"href":"https:\/\/www.racc.cat\/microsites\/wp-json\/wp\/v2\/posts\/4445","targetHints":{"allow":["GET"]}}],"collection":[{"href":"https:\/\/www.racc.cat\/microsites\/wp-json\/wp\/v2\/posts"}],"about":[{"href":"https:\/\/www.racc.cat\/microsites\/wp-json\/wp\/v2\/types\/post"}],"author":[{"embeddable":true,"href":"https:\/\/www.racc.cat\/microsites\/wp-json\/wp\/v2\/users\/14"}],"replies":[{"embeddable":true,"href":"https:\/\/www.racc.cat\/microsites\/wp-json\/wp\/v2\/comments?post=4445"}],"version-history":[{"count":0,"href":"https:\/\/www.racc.cat\/microsites\/wp-json\/wp\/v2\/posts\/4445\/revisions"}],"wp:attachment":[{"href":"https:\/\/www.racc.cat\/microsites\/wp-json\/wp\/v2\/media?parent=4445"}],"wp:term":[{"taxonomy":"category","embeddable":true,"href":"https:\/\/www.racc.cat\/microsites\/wp-json\/wp\/v2\/categories?post=4445"},{"taxonomy":"post_tag","embeddable":true,"href":"https:\/\/www.racc.cat\/microsites\/wp-json\/wp\/v2\/tags?post=4445"}],"curies":[{"name":"wp","href":"https:\/\/api.w.org\/{rel}","templated":true}]}}